{"id":205,"date":"2015-02-18T21:41:43","date_gmt":"2015-02-18T20:41:43","guid":{"rendered":"http:\/\/venezia.fisoveneto.it\/?p=205"},"modified":"2015-02-18T21:41:43","modified_gmt":"2015-02-18T20:41:43","slug":"prossima-prova-del-circuito-a-eraclea-mare","status":"publish","type":"post","link":"https:\/\/venezia.fisoveneto.it\/?p=205","title":{"rendered":"Prossima prova del circuito a Eraclea Mare"},"content":{"rendered":"<p><a href=\"http:\/\/venezia.fisoveneto.it\/wp-content\/uploads\/2015\/02\/CaEracleaMare.jpg\"><img loading=\"lazy\" class=\"alignnone size-medium wp-image-204\" alt=\"CaEracleaMare\" src=\"http:\/\/venezia.fisoveneto.it\/wp-content\/uploads\/2015\/02\/CaEracleaMare-300x225.jpg\" width=\"300\" height=\"225\" srcset=\"https:\/\/venezia.fisoveneto.it\/wp-content\/uploads\/2015\/02\/CaEracleaMare-300x225.jpg 300w, https:\/\/venezia.fisoveneto.it\/wp-content\/uploads\/2015\/02\/CaEracleaMare.jpg 600w\" sizes=\"(max-width: 300px) 100vw, 300px\" \/><\/a><\/p>\n<p>Grande attesa per la prossima tappa dell&#8217;Inverno Veneziano 2015,\u00a0 il 22 febbraio a Eraclea Mare con ritrovo presso il Centro Ambientale, via degli Abeti, 2 (vedi foto). I percorsi di gara si snoderanno infatti\u00a0nella stupenda pineta, oltre che\u00a0nel\u00a0centro cittadino, con una variet\u00e0 di ambienti che rende unica questa prova, tra le gare in pianura.\u00a0Prima partenza\u00a0alle 10:00, con possibilit\u00e0 di iscriversi sul posto ad uno dei quattro percorsi: Bianco, Giallo, Rosso e Nero, in ordine di difficolt\u00e0 e lunghezza crescenti. Per chi volesse iscriversi in anticipo, \u00e8 possibile farlo con una mail a <strong><a href=\"mailto:iscrizioni@oribruni.it\">iscrizioni@oribruni.it<\/a> . <\/strong>Per altre informazioni e aggiornamenti consultare il sito dell&#8217;organizzazione <a href=\"http:\/\/orilagunavenezia.altervista.org\/\">http:\/\/orilagunavenezia.altervista.org\/<\/a><\/p>\n<p>TrailO promozionale:\u00a0 a partire dalle ore 11 nei pressi del ritrovo si svolger\u00e0 una piccola\u00a0 gara promozionale di TempO, aperta a tutti al costo di 1\u20ac. Al vincitore verr\u00e0 offerto il rimborso della quota di iscrizione alla gara di CO. Sar\u00e0 possibile chiedere informazioni sul posto e ricevere istruzioni sullo svolgimento di una gara di TempO.<\/p>\n<p>&nbsp;<\/p>\n","protected":false},"excerpt":{"rendered":"<p>Grande attesa per la prossima tappa dell&#8217;Inverno Veneziano 2015,\u00a0 il 22 febbraio a Eraclea Mare con ritrovo presso il Centro Ambientale, via degli Abeti, 2 (vedi foto). I percorsi di gara si snoderanno infatti\u00a0nella stupenda pineta, oltre che\u00a0nel\u00a0centro cittadino, con una variet\u00e0 di ambienti che rende unica questa prova, tra le gare in pianura.\u00a0Prima partenza\u00a0alle &hellip; <a href=\"https:\/\/venezia.fisoveneto.it\/?p=205\" class=\"more-link\">Continua la lettura di <span class=\"screen-reader-text\">Prossima prova del circuito a Eraclea Mare<\/span> <span class=\"meta-nav\">&rarr;<\/span><\/a><\/p>\n","protected":false},"author":2,"featured_media":0,"comment_status":"closed","ping_status":"closed","sticky":false,"template":"","format":"standard","meta":[],"categories":[1],"tags":[],"_links":{"self":[{"href":"https:\/\/venezia.fisoveneto.it\/index.php?rest_route=\/wp\/v2\/posts\/205"}],"collection":[{"href":"https:\/\/venezia.fisoveneto.it\/index.php?rest_route=\/wp\/v2\/posts"}],"about":[{"href":"https:\/\/venezia.fisoveneto.it\/index.php?rest_route=\/wp\/v2\/types\/post"}],"author":[{"embeddable":true,"href":"https:\/\/venezia.fisoveneto.it\/index.php?rest_route=\/wp\/v2\/users\/2"}],"replies":[{"embeddable":true,"href":"https:\/\/venezia.fisoveneto.it\/index.php?rest_route=%2Fwp%2Fv2%2Fcomments&post=205"}],"version-history":[{"count":6,"href":"https:\/\/venezia.fisoveneto.it\/index.php?rest_route=\/wp\/v2\/posts\/205\/revisions"}],"predecessor-version":[{"id":213,"href":"https:\/\/venezia.fisoveneto.it\/index.php?rest_route=\/wp\/v2\/posts\/205\/revisions\/213"}],"wp:attachment":[{"href":"https:\/\/venezia.fisoveneto.it\/index.php?rest_route=%2Fwp%2Fv2%2Fmedia&parent=205"}],"wp:term":[{"taxonomy":"category","embeddable":true,"href":"https:\/\/venezia.fisoveneto.it\/index.php?rest_route=%2Fwp%2Fv2%2Fcategories&post=205"},{"taxonomy":"post_tag","embeddable":true,"href":"https:\/\/venezia.fisoveneto.it\/index.php?rest_route=%2Fwp%2Fv2%2Ftags&post=205"}],"curies":[{"name":"wp","href":"https:\/\/api.w.org\/{rel}","templated":true}]}}