{"id":508,"date":"2017-11-26T23:30:41","date_gmt":"2017-11-26T22:30:41","guid":{"rendered":"http:\/\/venezia.fisoveneto.it\/?p=508"},"modified":"2017-11-26T23:56:14","modified_gmt":"2017-11-26T22:56:14","slug":"martellago-e-mira-aprono-la-nuova-edizione-del-circuito-veneziano","status":"publish","type":"post","link":"https:\/\/venezia.fisoveneto.it\/?p=508","title":{"rendered":"Martellago e Mira aprono la nuova edizione del circuito veneziano"},"content":{"rendered":"<p>8 e 10 dicembre 2017: ecco le due date che daranno la partenza della 26<sup>A<\/sup> edizione dell&#8217;Inverno Veneziano, il circuito di gare promozionali che ci accompagner\u00e0 fino a fine febbraio, con l&#8217;ultima prova di Caorle del 25\/02\/2018. Come sempre, ad ogni prova sar\u00e0 possibile iscriversi anche il giorno stesso della gara, con partenze libere fino in tarda mattinata.<\/p>\n<figure id=\"attachment_510\" aria-describedby=\"caption-attachment-510\" style=\"width: 289px\" class=\"wp-caption alignleft\"><a href=\"http:\/\/venezia.fisoveneto.it\/wp-content\/uploads\/2017\/11\/VistaMartellago.jpg\"><img loading=\"lazy\" class=\"wp-image-510\" src=\"http:\/\/venezia.fisoveneto.it\/wp-content\/uploads\/2017\/11\/VistaMartellago-300x168.jpg\" alt=\"\" width=\"289\" height=\"162\" srcset=\"https:\/\/venezia.fisoveneto.it\/wp-content\/uploads\/2017\/11\/VistaMartellago-300x168.jpg 300w, https:\/\/venezia.fisoveneto.it\/wp-content\/uploads\/2017\/11\/VistaMartellago-768x431.jpg 768w, https:\/\/venezia.fisoveneto.it\/wp-content\/uploads\/2017\/11\/VistaMartellago-1024x575.jpg 1024w, https:\/\/venezia.fisoveneto.it\/wp-content\/uploads\/2017\/11\/VistaMartellago.jpg 1085w\" sizes=\"(max-width: 289px) 100vw, 289px\" \/><\/a><figcaption id=\"caption-attachment-510\" class=\"wp-caption-text\">Fontana, Municipio di Martellago<\/figcaption><\/figure>\n<p>Si inizia venerd\u00ec con la gara di <strong>Martellago<\/strong>, organizzata dallo Swallows Noale, con ritrovo alla Mostra del Radicchio presso gli impianti sportivi. Negli stand della mostra sar\u00e0 possibile pranzare a fine gara con le specialit\u00e0 a base di radicchio rosso di Treviso. Per l&#8217;occasione la cartina di Martellago \u00e8 stata ampliata ad ovest, fino a toccare il passante autostradale, e i percorsi pi\u00f9 lunghi toccheranno proprio le collinette della zona verde attorno al passante. Oltre ai percorsi per agonisti, per chi volesse provare l&#8217;orienteering sono disponibili i percorsi ludico-motori; tra questi \u00e8 presente il percorso <strong>Turistico<\/strong>, <strong>privo di barriere architettoniche<\/strong>.<\/p>\n<figure id=\"attachment_509\" aria-describedby=\"caption-attachment-509\" style=\"width: 300px\" class=\"wp-caption alignright\"><a href=\"http:\/\/venezia.fisoveneto.it\/wp-content\/uploads\/2017\/11\/VillaLeoni.jpg\"><img loading=\"lazy\" class=\"wp-image-509 size-medium\" src=\"http:\/\/venezia.fisoveneto.it\/wp-content\/uploads\/2017\/11\/VillaLeoni-300x204.jpg\" alt=\"\" width=\"300\" height=\"204\" srcset=\"https:\/\/venezia.fisoveneto.it\/wp-content\/uploads\/2017\/11\/VillaLeoni-300x204.jpg 300w, https:\/\/venezia.fisoveneto.it\/wp-content\/uploads\/2017\/11\/VillaLeoni-768x523.jpg 768w, https:\/\/venezia.fisoveneto.it\/wp-content\/uploads\/2017\/11\/VillaLeoni-1024x698.jpg 1024w, https:\/\/venezia.fisoveneto.it\/wp-content\/uploads\/2017\/11\/VillaLeoni.jpg 1333w\" sizes=\"(max-width: 300px) 100vw, 300px\" \/><\/a><figcaption id=\"caption-attachment-509\" class=\"wp-caption-text\">Villa Leoni, Mira<\/figcaption><\/figure>\n<p>Domenica a <strong>Mira<\/strong> la seconda tappa, che ha una dedica speciale: la societ\u00e0 organizzatrice Galilei infatti ha intitolato la prova <strong>Memorial Attilio Anedda<\/strong>, orientista che tutti noi ricordiamo con affetto. Il ricavato della manifestazione sar\u00e0 devoluto in beneficenza all\u2019Istituto Oncologico Veneto (IOV). Il ritrovo \u00e8 al Patronato chiesa San Marco Evangelista.<br \/>\nAnche per questa prova, oltre ai percorsi agonistici \u00e8 previsto un percorso ludico motorio <strong>privo di barriere architettoniche<\/strong>. Una curiosit\u00e0: in questa gara saranno accettati anche atleti in costume di Babbo Natale, ed \u00e8 previsto un premio speciale al Babbo Natale pi\u00f9 divertente.<\/p>\n<p><a href=\"http:\/\/venezia.fisoveneto.it\/wp-content\/uploads\/2017\/11\/VillaLeoni.jpg\">\u00a0<\/a><\/p>\n<p><a href=\"http:\/\/venezia.fisoveneto.it\/wp-content\/uploads\/2017\/11\/VillaLeoni.jpg\">\u00a0<\/a><\/p>\n<p>&nbsp;<\/p>\n","protected":false},"excerpt":{"rendered":"<p>8 e 10 dicembre 2017: ecco le due date che daranno la partenza della 26A edizione dell&#8217;Inverno Veneziano, il circuito di gare promozionali che ci accompagner\u00e0 fino a fine febbraio, con l&#8217;ultima prova di Caorle del 25\/02\/2018. Come sempre, ad ogni prova sar\u00e0 possibile iscriversi anche il giorno stesso della gara, con partenze libere fino &hellip; <a href=\"https:\/\/venezia.fisoveneto.it\/?p=508\" class=\"more-link\">Continua la lettura di <span class=\"screen-reader-text\">Martellago e Mira aprono la nuova edizione del circuito veneziano<\/span> <span class=\"meta-nav\">&rarr;<\/span><\/a><\/p>\n","protected":false},"author":2,"featured_media":0,"comment_status":"closed","ping_status":"closed","sticky":false,"template":"","format":"standard","meta":[],"categories":[1],"tags":[],"_links":{"self":[{"href":"https:\/\/venezia.fisoveneto.it\/index.php?rest_route=\/wp\/v2\/posts\/508"}],"collection":[{"href":"https:\/\/venezia.fisoveneto.it\/index.php?rest_route=\/wp\/v2\/posts"}],"about":[{"href":"https:\/\/venezia.fisoveneto.it\/index.php?rest_route=\/wp\/v2\/types\/post"}],"author":[{"embeddable":true,"href":"https:\/\/venezia.fisoveneto.it\/index.php?rest_route=\/wp\/v2\/users\/2"}],"replies":[{"embeddable":true,"href":"https:\/\/venezia.fisoveneto.it\/index.php?rest_route=%2Fwp%2Fv2%2Fcomments&post=508"}],"version-history":[{"count":13,"href":"https:\/\/venezia.fisoveneto.it\/index.php?rest_route=\/wp\/v2\/posts\/508\/revisions"}],"predecessor-version":[{"id":523,"href":"https:\/\/venezia.fisoveneto.it\/index.php?rest_route=\/wp\/v2\/posts\/508\/revisions\/523"}],"wp:attachment":[{"href":"https:\/\/venezia.fisoveneto.it\/index.php?rest_route=%2Fwp%2Fv2%2Fmedia&parent=508"}],"wp:term":[{"taxonomy":"category","embeddable":true,"href":"https:\/\/venezia.fisoveneto.it\/index.php?rest_route=%2Fwp%2Fv2%2Fcategories&post=508"},{"taxonomy":"post_tag","embeddable":true,"href":"https:\/\/venezia.fisoveneto.it\/index.php?rest_route=%2Fwp%2Fv2%2Ftags&post=508"}],"curies":[{"name":"wp","href":"https:\/\/api.w.org\/{rel}","templated":true}]}}